{"id":172,"date":"2011-03-08T00:04:51","date_gmt":"2011-03-08T00:04:51","guid":{"rendered":"http:\/\/japanskaforeningenisthlm.se\/test\/sv\/?p=172"},"modified":"2015-10-05T21:04:40","modified_gmt":"2015-10-05T21:04:40","slug":"nya-styrelsen-ar-2011","status":"publish","type":"post","link":"https:\/\/japanskaforeningenisthlm.se\/sv\/2011\/03\/08\/nya-styrelsen-ar-2011\/","title":{"rendered":"Nya styrelsen \u00e5r 2011"},"content":{"rendered":"<p>Styrelseledam\u00f6ter valdes p\u00e5 \u00e5rsm\u00f6tet den 26:e feburari.<\/p>\n<p>Ordf\u00f6rande\u00a0\u00a0\u00a0\u00a0\u00a0\u00a0\u00a0\u00a0\u00a0\u00a0\u00a0Hisako Yuu Komaki\u00a0 (omval)<br \/>\nVice ordf\u00f6rande\u00a0\u00a0\u00a0\u00a0\u00a0Sinobu Simon\u00a0\u00a0\u00a0\u00a0\u00a0\u00a0\u00a0\u00a0\u00a0(andra \u00e5ret)<br \/>\nKass\u00f6r\u00a0\u00a0\u00a0\u00a0\u00a0\u00a0\u00a0\u00a0\u00a0\u00a0\u00a0\u00a0\u00a0\u00a0\u00a0\u00a0\u00a0\u00a0Miwako Nagata\u00a0\u00a0\u00a0\u00a0\u00a0\u00a0\u00a0 (omval)<br \/>\nSekreterare\u00a0\u00a0\u00a0\u00a0\u00a0\u00a0\u00a0\u00a0\u00a0\u00a0 Hina Henning\u00a0\u00a0\u00a0\u00a0\u00a0\u00a0\u00a0\u00a0\u00a0 (nyval f\u00f6r ett \u00e5r-\u00e5r 2 som ledamot)<\/p>\n<p>\u00d6vriga ledam\u00f6ter<\/p>\n<p>Yoko Kaneko\u00a0\u00a0\u00a0\u00a0\u00a0\u00a0\u00a0\u00a0\u00a0 (andra \u00e5ret)<br \/>\nSatoko Salme\u00a0\u00a0\u00a0\u00a0\u00a0\u00a0\u00a0\u00a0 (omval)<br \/>\nAya Lehtinen\u00a0\u00a0\u00a0\u00a0\u00a0\u00a0\u00a0\u00a0\u00a0\u00a0 (nyval)<\/p>\n<p>Suppleanter<\/p>\n<p>Suguru Hirasawa<br \/>\nNoritake Akechi<\/p>\n<p>&nbsp;<\/p>\n<p>Styrelsen i Japanska F\u00f6reningen i Stockholm<\/p>\n<div><\/div>\n","protected":false},"excerpt":{"rendered":"<p>Styrelseledam\u00f6ter valdes p\u00e5 \u00e5rsm\u00f6tet den 26:e feburari. Ordf\u00f6rande\u00a0\u00a0\u00a0\u00a0\u00a0\u00a0\u00a0\u00a0\u00a0\u00a0\u00a0Hisako Yuu Komaki\u00a0 (omval) Vice o [&hellip;]<\/p>\n","protected":false},"author":2,"featured_media":0,"comment_status":"closed","ping_status":"closed","sticky":false,"template":"","format":"standard","meta":{"footnotes":""},"categories":[5],"tags":[],"class_list":["post-172","post","type-post","status-publish","format-standard","hentry","category-nyheter"],"_links":{"self":[{"href":"https:\/\/japanskaforeningenisthlm.se\/sv\/wp-json\/wp\/v2\/posts\/172"}],"collection":[{"href":"https:\/\/japanskaforeningenisthlm.se\/sv\/wp-json\/wp\/v2\/posts"}],"about":[{"href":"https:\/\/japanskaforeningenisthlm.se\/sv\/wp-json\/wp\/v2\/types\/post"}],"author":[{"embeddable":true,"href":"https:\/\/japanskaforeningenisthlm.se\/sv\/wp-json\/wp\/v2\/users\/2"}],"replies":[{"embeddable":true,"href":"https:\/\/japanskaforeningenisthlm.se\/sv\/wp-json\/wp\/v2\/comments?post=172"}],"version-history":[{"count":2,"href":"https:\/\/japanskaforeningenisthlm.se\/sv\/wp-json\/wp\/v2\/posts\/172\/revisions"}],"predecessor-version":[{"id":797,"href":"https:\/\/japanskaforeningenisthlm.se\/sv\/wp-json\/wp\/v2\/posts\/172\/revisions\/797"}],"wp:attachment":[{"href":"https:\/\/japanskaforeningenisthlm.se\/sv\/wp-json\/wp\/v2\/media?parent=172"}],"wp:term":[{"taxonomy":"category","embeddable":true,"href":"https:\/\/japanskaforeningenisthlm.se\/sv\/wp-json\/wp\/v2\/categories?post=172"},{"taxonomy":"post_tag","embeddable":true,"href":"https:\/\/japanskaforeningenisthlm.se\/sv\/wp-json\/wp\/v2\/tags?post=172"}],"curies":[{"name":"wp","href":"https:\/\/api.w.org\/{rel}","templated":true}]}}