{"id":161,"date":"2011-04-25T23:59:52","date_gmt":"2011-04-25T23:59:52","guid":{"rendered":"http:\/\/japanskaforeningenisthlm.se\/test\/sv\/?p=161"},"modified":"2015-10-05T21:04:40","modified_gmt":"2015-10-05T21:04:40","slug":"korsbarsblommans-dag","status":"publish","type":"post","link":"https:\/\/japanskaforeningenisthlm.se\/sv\/2011\/04\/25\/korsbarsblommans-dag\/","title":{"rendered":"K\u00f6rsb\u00e4rsblommans dag"},"content":{"rendered":"<p>K\u00f6rsb\u00e4rsblommans dag\u00a0i\u00a0\u00e5r sammanfaller med Valborgsm\u00e4ssoafton l\u00f6rdagen den 30:e april i Kungstr\u00e4dg\u00e5den.<\/p>\n<p>P\u00e5\u00a0scenen arrangerar JFiS m\u00e5nga kultur program\u00a0och du har m\u00f6jlighet att smaka p\u00e5\u00a0japansk mat.<br \/>\nVi anordnar vi en v\u00e4lg\u00f6renhetsbazar d\u00e4r pengarna g\u00e5r direkt till de drabbade omr\u00e5dena i Japan.<\/p>\n<p>Vi hoppas att k\u00f6rsb\u00e4rsblommor st\u00e5r i full blom denna dag.<br \/>\nTa g\u00e4rna med dig goda v\u00e4nnner och en med picnic l\u00e5da!<\/p>\n<p>&nbsp;<\/p>\n<p><strong>2011\/04\/30\u00a0\u00a0\u00a0 K\u00f6rsb\u00e4rsblommans dag<\/strong><\/p>\n<p>13.00\u00a0\u00a0\u00a0\u00a0Trummor\u00a0\u00a0\u00a0\u00a0\u00a0\u00a0\u00a0\u00a0\u00a0\u00a0\u00a0\u00a0\u00a0\u00a0\u00a0\u00a0\u00a0\u00a0\u00a0\u00a0\u00a0\u00a0\u00a0\u00a0\u00a0Taiko-kai<br \/>\n13.20\u00a0\u00a0\u00a0\u00a0V\u00e4lkomst-tal\u00a0\u00a0\u00a0\u00a0\u00a0\u00a0\u00a0\u00a0\u00a0\u00a0\u00a0\u00a0\u00a0\u00a0\u00a0\u00a0\u00a0\u00a0\u00a0Sam Carlquist<br \/>\n13.25\u00a0\u00a0\u00a0\u00a0Tal av Japans Ambassad\u00f6r, Yoshiki Watanabe<br \/>\n13.30\u00a0\u00a0\u00a0\u00a0Operas\u00e5ng\u00a0\u00a0\u00a0\u00a0\u00a0\u00a0\u00a0\u00a0\u00a0\u00a0\u00a0\u00a0\u00a0\u00a0\u00a0\u00a0\u00a0\u00a0\u00a0\u00a0\u00a0\u00a0Anette Stridh och Angela Wannb\u00e4ck<br \/>\n13.50\u00a0\u00a0\u00a0\u00a0Haiku\u00a0\u00a0\u00a0\u00a0\u00a0\u00a0\u00a0\u00a0\u00a0\u00a0\u00a0\u00a0\u00a0\u00a0\u00a0\u00a0\u00a0\u00a0\u00a0\u00a0\u00a0\u00a0\u00a0\u00a0\u00a0\u00a0\u00a0\u00a0\u00a0\u00a0\u00a0Lars G\u00f6ran Carlson<br \/>\n14.05\u00a0\u00a0\u00a0\u00a0Ken-do\u00a0\u00a0\u00a0\u00a0\u00a0\u00a0\u00a0\u00a0\u00a0\u00a0\u00a0\u00a0\u00a0\u00a0\u00a0\u00a0\u00a0\u00a0\u00a0\u00a0\u00a0\u00a0\u00a0\u00a0\u00a0\u00a0\u00a0\u00a0J\u00e4rf\u00e4lla Aikidoklubb<br \/>\n14.20\u00a0\u00a0\u00a0\u00a0Taichi enbu\u00a0\u00a0\u00a0\u00a0\u00a0\u00a0\u00a0\u00a0\u00a0\u00a0\u00a0\u00a0\u00a0\u00a0\u00a0\u00a0\u00a0\u00a0\u00a0\u00a0\u00a0Kanno Makiko<br \/>\n14.30\u00a0\u00a0\u00a0\u00a0Kimono-show\u00a0\u00a0\u00a0\u00a0\u00a0\u00a0\u00a0\u00a0\u00a0\u00a0\u00a0\u00a0\u00a0\u00a0\u00a0\u00a0\u00a0Yurika Daln\u00e4s<br \/>\n14.50\u00a0\u00a0\u00a0\u00a0Sakurak\u00f6ren<br \/>\n15.05\u00a0\u00a0\u00a0\u00a0Barnk\u00f6r\u00a0\u00a0\u00a0\u00a0\u00a0\u00a0\u00a0\u00a0\u00a0\u00a0\u00a0\u00a0\u00a0\u00a0\u00a0\u00a0\u00a0\u00a0\u00a0\u00a0\u00a0\u00a0\u00a0\u00a0\u00a0\u00a0\u00a0\u00a0Japanska skolan<br \/>\n15.15\u00a0\u00a0\u00a0\u00a0Cosplay show\u00a0\u00a0\u00a0\u00a0\u00a0\u00a0\u00a0\u00a0\u00a0\u00a0\u00a0\u00a0\u00a0\u00a0\u00a0\u00a0\u00a0Mangakai<br \/>\n15.30\u00a0\u00a0\u00a0\u00a0Alls\u00e5ng\u00a0\u00a0\u00a0\u00a0\u00a0\u00a0\u00a0\u00a0\u00a0\u00a0\u00a0\u00a0\u00a0\u00a0\u00a0\u00a0\u00a0\u00a0\u00a0\u00a0\u00a0\u00a0\u00a0\u00a0\u00a0\u00a0\u00a0\u00a0\u00a0Raison d\u2019etre<br \/>\n15.45\u00a0\u00a0\u00a0\u00a0Aiki-do\u00a0\u00a0\u00a0\u00a0\u00a0\u00a0\u00a0\u00a0\u00a0\u00a0\u00a0\u00a0\u00a0\u00a0\u00a0\u00a0\u00a0\u00a0\u00a0\u00a0\u00a0\u00a0\u00a0\u00a0\u00a0\u00a0\u00a0\u00a0\u00a0J\u00e4rf\u00e4lla Aikidoklubb<br \/>\n16.00\u00a0\u00a0\u00a0\u00a0Trummor\u00a0\u00a0\u00a0\u00a0\u00a0\u00a0\u00a0\u00a0\u00a0\u00a0\u00a0\u00a0\u00a0\u00a0\u00a0\u00a0\u00a0\u00a0\u00a0\u00a0\u00a0\u00a0\u00a0\u00a0\u00a0\u00a0Maiko<br \/>\n16.10\u00a0\u00a0\u00a0\u00a0Kyu-do\u00a0\u00a0\u00a0\u00a0\u00a0\u00a0\u00a0\u00a0\u00a0\u00a0\u00a0\u00a0\u00a0\u00a0\u00a0\u00a0\u00a0\u00a0\u00a0\u00a0\u00a0\u00a0\u00a0\u00a0\u00a0\u00a0\u00a0\u00a0\u00a0Kenshou Kyudo Kai<br \/>\n16.30\u00a0\u00a0\u00a0\u00a0Avslut<\/p>\n<div><\/div>\n","protected":false},"excerpt":{"rendered":"<p>K\u00f6rsb\u00e4rsblommans dag\u00a0i\u00a0\u00e5r sammanfaller med Valborgsm\u00e4ssoafton l\u00f6rdagen den 30:e april i Kungstr\u00e4dg\u00e5den. P\u00e5\u00a0sce [&hellip;]<\/p>\n","protected":false},"author":2,"featured_media":0,"comment_status":"closed","ping_status":"closed","sticky":false,"template":"","format":"standard","meta":{"footnotes":""},"categories":[5],"tags":[],"class_list":["post-161","post","type-post","status-publish","format-standard","hentry","category-nyheter"],"_links":{"self":[{"href":"https:\/\/japanskaforeningenisthlm.se\/sv\/wp-json\/wp\/v2\/posts\/161"}],"collection":[{"href":"https:\/\/japanskaforeningenisthlm.se\/sv\/wp-json\/wp\/v2\/posts"}],"about":[{"href":"https:\/\/japanskaforeningenisthlm.se\/sv\/wp-json\/wp\/v2\/types\/post"}],"author":[{"embeddable":true,"href":"https:\/\/japanskaforeningenisthlm.se\/sv\/wp-json\/wp\/v2\/users\/2"}],"replies":[{"embeddable":true,"href":"https:\/\/japanskaforeningenisthlm.se\/sv\/wp-json\/wp\/v2\/comments?post=161"}],"version-history":[{"count":2,"href":"https:\/\/japanskaforeningenisthlm.se\/sv\/wp-json\/wp\/v2\/posts\/161\/revisions"}],"predecessor-version":[{"id":163,"href":"https:\/\/japanskaforeningenisthlm.se\/sv\/wp-json\/wp\/v2\/posts\/161\/revisions\/163"}],"wp:attachment":[{"href":"https:\/\/japanskaforeningenisthlm.se\/sv\/wp-json\/wp\/v2\/media?parent=161"}],"wp:term":[{"taxonomy":"category","embeddable":true,"href":"https:\/\/japanskaforeningenisthlm.se\/sv\/wp-json\/wp\/v2\/categories?post=161"},{"taxonomy":"post_tag","embeddable":true,"href":"https:\/\/japanskaforeningenisthlm.se\/sv\/wp-json\/wp\/v2\/tags?post=161"}],"curies":[{"name":"wp","href":"https:\/\/api.w.org\/{rel}","templated":true}]}}