{"id":142,"date":"2011-07-11T23:52:35","date_gmt":"2011-07-11T23:52:35","guid":{"rendered":"http:\/\/japanskaforeningenisthlm.se\/test\/sv\/?p=142"},"modified":"2015-10-05T21:04:20","modified_gmt":"2015-10-05T21:04:20","slug":"avslutade-insamlings","status":"publish","type":"post","link":"https:\/\/japanskaforeningenisthlm.se\/sv\/2011\/07\/11\/avslutade-insamlings\/","title":{"rendered":"Avslutade insamlings"},"content":{"rendered":"<p><span style=\"color: #000000;\">JFiS uppskattar allt st\u00f6d vi f\u00e5tt till offren f\u00f6r den japanska katastrofen.<\/span><\/p>\n<p><span style=\"color: #000000;\">Samtidigt uttrycker vi v\u00e5rt st\u00f6d f\u00f6r alla offren f\u00f6r jordb\u00e4vningen, tsunamin och de f\u00f6rgiftningar som str\u00e5lningen fr\u00e5n k\u00e4rnkraftverken orsakar.<\/span><\/p>\n<p><span style=\"color: #000000;\">Vi i styrelsen har best\u00e4mt att vi kommer att avsluta insamlings-verksamheten sista juni.<\/span><\/p>\n<p><span style=\"color: #000000;\">Stort Tack!<\/span><\/p>\n","protected":false},"excerpt":{"rendered":"<p>JFiS uppskattar allt st\u00f6d vi f\u00e5tt till offren f\u00f6r den japanska katastrofen. Samtidigt uttrycker vi v\u00e5rt st\u00f6d f [&hellip;]<\/p>\n","protected":false},"author":2,"featured_media":0,"comment_status":"closed","ping_status":"closed","sticky":false,"template":"","format":"standard","meta":{"footnotes":""},"categories":[5],"tags":[],"class_list":["post-142","post","type-post","status-publish","format-standard","hentry","category-nyheter"],"_links":{"self":[{"href":"https:\/\/japanskaforeningenisthlm.se\/sv\/wp-json\/wp\/v2\/posts\/142"}],"collection":[{"href":"https:\/\/japanskaforeningenisthlm.se\/sv\/wp-json\/wp\/v2\/posts"}],"about":[{"href":"https:\/\/japanskaforeningenisthlm.se\/sv\/wp-json\/wp\/v2\/types\/post"}],"author":[{"embeddable":true,"href":"https:\/\/japanskaforeningenisthlm.se\/sv\/wp-json\/wp\/v2\/users\/2"}],"replies":[{"embeddable":true,"href":"https:\/\/japanskaforeningenisthlm.se\/sv\/wp-json\/wp\/v2\/comments?post=142"}],"version-history":[{"count":2,"href":"https:\/\/japanskaforeningenisthlm.se\/sv\/wp-json\/wp\/v2\/posts\/142\/revisions"}],"predecessor-version":[{"id":785,"href":"https:\/\/japanskaforeningenisthlm.se\/sv\/wp-json\/wp\/v2\/posts\/142\/revisions\/785"}],"wp:attachment":[{"href":"https:\/\/japanskaforeningenisthlm.se\/sv\/wp-json\/wp\/v2\/media?parent=142"}],"wp:term":[{"taxonomy":"category","embeddable":true,"href":"https:\/\/japanskaforeningenisthlm.se\/sv\/wp-json\/wp\/v2\/categories?post=142"},{"taxonomy":"post_tag","embeddable":true,"href":"https:\/\/japanskaforeningenisthlm.se\/sv\/wp-json\/wp\/v2\/tags?post=142"}],"curies":[{"name":"wp","href":"https:\/\/api.w.org\/{rel}","templated":true}]}}