{"id":130,"date":"2011-09-21T23:46:41","date_gmt":"2011-09-21T23:46:41","guid":{"rendered":"http:\/\/japanskaforeningenisthlm.se\/test\/sv\/?p=130"},"modified":"2015-10-05T21:04:20","modified_gmt":"2015-10-05T21:04:20","slug":"arets-historiska-vandring-skogskyrkogarden","status":"publish","type":"post","link":"https:\/\/japanskaforeningenisthlm.se\/sv\/2011\/09\/21\/arets-historiska-vandring-skogskyrkogarden\/","title":{"rendered":"\u00c5rets historiska vandring &#8211; Skogskyrkog\u00e5rden"},"content":{"rendered":"<p><span style=\"color: #000000;\">Skogskyrkog\u00e5rden i Stockholm tillh\u00f6r en av de platser som \u00e4r med p\u00e5 FN:s v\u00e4rldsarvslista. V\u00e4rldsarven utg\u00f6rs av de kultur- och naturmilj\u00f6er i v\u00e4rlden som anses vara oj\u00e4mf\u00f6rligt mest enast\u00e5ende och av stor betydelse f\u00f6r hela m\u00e4nskligheten. \u00c5rets historiska vandring tar dig med p\u00e5 en upplevelserik vandring genom denna unika milj\u00f6.<a href=\"http:\/\/www.skogskyrkogarden.se\/\" target=\"_blank\"><span style=\"color: #000000;\">www.skogskyrkogarden.se<\/span><\/a><\/span><\/p>\n<p><span style=\"color: #000000;\">Guidningen leds av Yuu Komaki och \u00e4r p\u00e5 japanska.<\/span><\/p>\n<ul>\n<li><span style=\"color: #000000;\">Datum och tid: S\u00f6ndagen den 2 oktober klockan 11.00 \u2013 12.30<\/span><\/li>\n<li><span style=\"color: #000000;\">Plats: Samling vid Skogskyrkog\u00e5rdens huvudentr\u00e9<\/span><\/li>\n<li><span style=\"color: #000000;\">T-bana: Gr\u00f6na linjen till station Skogskyrkog\u00e5rden<\/span><\/li>\n<li><span style=\"color: #000000;\">Kostnad: F\u00f6r medlemmar 40 kr, icke medlemmar 50 kr. Barn under 16 \u00e5r gratis.<\/span><\/li>\n<\/ul>\n<p><span style=\"color: #000000;\">Kontaktperson: Yuu Komaki \u2013 E-mail: ****<\/span><\/p>\n<p><span style=\"color: #000000;\">Anm\u00e4lan senast den 30 september.<\/span><\/p>\n<p><span style=\"color: #000000;\">Alla \u00e4r hj\u00e4rtligt v\u00e4lkomna att vara med p\u00e5 denna historiska vandring!<\/span><\/p>\n<p><span style=\"color: #000000;\">\u00a0<\/span><\/p>\n<p><span style=\"color: #000000;\">Och det finns &#8220;Nihongo spr\u00e5kcafe&#8221;<span style=\"font-family: arial, helvetica, sans-serif;\">\u00a0<\/span>28<span style=\"font-family: arial, helvetica, sans-serif;\">\u00a0<\/span>september.<\/span><\/p>\n<p><span style=\"color: #000000;\">Se Latest News till h\u00f6ger.\u00a0<\/span><\/p>\n<p><span style=\"color: #000000;\">\u00a0<\/span><\/p>\n","protected":false},"excerpt":{"rendered":"<p>Skogskyrkog\u00e5rden i Stockholm tillh\u00f6r en av de platser som \u00e4r med p\u00e5 FN:s v\u00e4rldsarvslista. V\u00e4rldsarven utg\u00f6rs a [&hellip;]<\/p>\n","protected":false},"author":2,"featured_media":0,"comment_status":"closed","ping_status":"closed","sticky":false,"template":"","format":"standard","meta":{"footnotes":""},"categories":[5],"tags":[],"class_list":["post-130","post","type-post","status-publish","format-standard","hentry","category-nyheter"],"_links":{"self":[{"href":"https:\/\/japanskaforeningenisthlm.se\/sv\/wp-json\/wp\/v2\/posts\/130"}],"collection":[{"href":"https:\/\/japanskaforeningenisthlm.se\/sv\/wp-json\/wp\/v2\/posts"}],"about":[{"href":"https:\/\/japanskaforeningenisthlm.se\/sv\/wp-json\/wp\/v2\/types\/post"}],"author":[{"embeddable":true,"href":"https:\/\/japanskaforeningenisthlm.se\/sv\/wp-json\/wp\/v2\/users\/2"}],"replies":[{"embeddable":true,"href":"https:\/\/japanskaforeningenisthlm.se\/sv\/wp-json\/wp\/v2\/comments?post=130"}],"version-history":[{"count":2,"href":"https:\/\/japanskaforeningenisthlm.se\/sv\/wp-json\/wp\/v2\/posts\/130\/revisions"}],"predecessor-version":[{"id":779,"href":"https:\/\/japanskaforeningenisthlm.se\/sv\/wp-json\/wp\/v2\/posts\/130\/revisions\/779"}],"wp:attachment":[{"href":"https:\/\/japanskaforeningenisthlm.se\/sv\/wp-json\/wp\/v2\/media?parent=130"}],"wp:term":[{"taxonomy":"category","embeddable":true,"href":"https:\/\/japanskaforeningenisthlm.se\/sv\/wp-json\/wp\/v2\/categories?post=130"},{"taxonomy":"post_tag","embeddable":true,"href":"https:\/\/japanskaforeningenisthlm.se\/sv\/wp-json\/wp\/v2\/tags?post=130"}],"curies":[{"name":"wp","href":"https:\/\/api.w.org\/{rel}","templated":true}]}}