{"id":120,"date":"2011-11-01T23:40:38","date_gmt":"2011-11-01T23:40:38","guid":{"rendered":"http:\/\/japanskaforeningenisthlm.se\/test\/sv\/?p=120"},"modified":"2015-10-05T21:04:19","modified_gmt":"2015-10-05T21:04:19","slug":"forelasning-och-diktlasning-mot-karnkraften","status":"publish","type":"post","link":"https:\/\/japanskaforeningenisthlm.se\/sv\/2011\/11\/01\/forelasning-och-diktlasning-mot-karnkraften\/","title":{"rendered":"F\u00f6rel\u00e4sning och diktl\u00e4sning &#8211; Mot k\u00e4rnkraften"},"content":{"rendered":"<p>F\u00f6rra \u00e5ret hade vi en f\u00f6rel\u00e4sning med Shigeko Sasamori som ber\u00e4ttade egna upplevelser fr\u00e5n tiden n\u00e4r Hiroshima tr\u00e4ffades av atombomben. F\u00f6rel\u00e4sningen blev mycket uppskattad. D\u00e4rf\u00f6r arrangerar vi \u00e4ven i \u00e5r en f\u00f6rel\u00e4sning med ett annat offer f\u00f6r Hiroshimabomben \u2013 Keiko Murakami. Hon var bara 8 \u00e5r n\u00e4r atomben slog ned.<\/p>\n<p>Idag bor Keiko Murakami i n\u00e4rheten av Fukushima och hon kommer mot bakgrund av sina tidigare upplevelser att ber\u00e4tta om reaktioner och vad som h\u00e4nder i Fukushima-omr\u00e5det. Hur p\u00e5verkar vetskapen om den radioaktiva str\u00e5lningen samvaron mellan m\u00e4nniskor och fr\u00e5gor inf\u00f6r framtiden?<br \/>\nF\u00f6rel\u00e4sningen h\u00e5lls tillsammans med poeten Mariko Ito, som kommer att l\u00e4sa sina egna dikter.<\/p>\n<p>Alla \u00e4r v\u00e4lkomna men f\u00f6rel\u00e4sning och diktl\u00e4sning kommer enbart att vara p\u00e5 japanska.<\/p>\n<ul>\n<li>Tid: M\u00e5ndagen den 7 november kl 17.30<\/li>\n<li>Plats: Internationella biblioteket, Odengatan 59, 3 trappor<\/li>\n<li>Kostnad som inkluderar fika: 40kr:- (medlemmar) och 60kr:- (f\u00f6r icke-medlemmar)<\/li>\n<\/ul>\n<p>Anm\u00e4lan senast den 5 november till ****<\/p>\n<p>Styrelsen<\/p>\n","protected":false},"excerpt":{"rendered":"<p>F\u00f6rra \u00e5ret hade vi en f\u00f6rel\u00e4sning med Shigeko Sasamori som ber\u00e4ttade egna upplevelser fr\u00e5n tiden n\u00e4r Hiroshima [&hellip;]<\/p>\n","protected":false},"author":2,"featured_media":0,"comment_status":"closed","ping_status":"closed","sticky":false,"template":"","format":"standard","meta":{"footnotes":""},"categories":[5],"tags":[],"class_list":["post-120","post","type-post","status-publish","format-standard","hentry","category-nyheter"],"_links":{"self":[{"href":"https:\/\/japanskaforeningenisthlm.se\/sv\/wp-json\/wp\/v2\/posts\/120"}],"collection":[{"href":"https:\/\/japanskaforeningenisthlm.se\/sv\/wp-json\/wp\/v2\/posts"}],"about":[{"href":"https:\/\/japanskaforeningenisthlm.se\/sv\/wp-json\/wp\/v2\/types\/post"}],"author":[{"embeddable":true,"href":"https:\/\/japanskaforeningenisthlm.se\/sv\/wp-json\/wp\/v2\/users\/2"}],"replies":[{"embeddable":true,"href":"https:\/\/japanskaforeningenisthlm.se\/sv\/wp-json\/wp\/v2\/comments?post=120"}],"version-history":[{"count":2,"href":"https:\/\/japanskaforeningenisthlm.se\/sv\/wp-json\/wp\/v2\/posts\/120\/revisions"}],"predecessor-version":[{"id":777,"href":"https:\/\/japanskaforeningenisthlm.se\/sv\/wp-json\/wp\/v2\/posts\/120\/revisions\/777"}],"wp:attachment":[{"href":"https:\/\/japanskaforeningenisthlm.se\/sv\/wp-json\/wp\/v2\/media?parent=120"}],"wp:term":[{"taxonomy":"category","embeddable":true,"href":"https:\/\/japanskaforeningenisthlm.se\/sv\/wp-json\/wp\/v2\/categories?post=120"},{"taxonomy":"post_tag","embeddable":true,"href":"https:\/\/japanskaforeningenisthlm.se\/sv\/wp-json\/wp\/v2\/tags?post=120"}],"curies":[{"name":"wp","href":"https:\/\/api.w.org\/{rel}","templated":true}]}}